{"id":377,"date":"2025-03-13T10:08:06","date_gmt":"2025-03-13T09:08:06","guid":{"rendered":"https:\/\/www.strona-internetowa.pl\/blog\/?p=377"},"modified":"2025-04-07T15:15:39","modified_gmt":"2025-04-07T13:15:39","slug":"pierwsze-24h-z-apple-macbook-air-m4","status":"publish","type":"post","link":"https:\/\/www.strona-internetowa.pl\/blog\/pierwsze-24h-z-apple-macbook-air-m4\/","title":{"rendered":"Pierwsze 24h z Apple Macbook Air M4"},"content":{"rendered":"\n<p>Niedawno pope\u0142ni\u0142em wpis na temat Asus S13 OLED, wspomina\u0142em tam o wyborze, przed kt\u00f3rym sta\u0142em 1.5 roku temu. Wtedy nie zdecydowa\u0142em si\u0119 na produkt od Apple. Par\u0119 miesi\u0119cy p\u00f3\u017aniej odebra\u0142em paczk\u0119 oznakowan\u0105 jako iSpot. Macbooka chcia\u0142em kupi\u0107 ju\u017c na pocz\u0105tku tego roku, ale czeka\u0142em na realizacj\u0119 plotek jakoby w marcu nast\u0105pi\u0107 mia\u0142a premiera nowego Air&#8217;a. Tydzie\u0144 temu w og\u0142oszeniu prasowym dowiedzieli\u015bmy si\u0119, \u017ce mo\u017cna zanaby\u0107 w przedsprzeda\u017cy.. i tak te\u017c zrobi\u0142em.<\/p>\n\n\n\n<figure class=\"wp-block-image size-large\"><img fetchpriority=\"high\" decoding=\"async\" width=\"1024\" height=\"473\" src=\"https:\/\/www.strona-internetowa.pl\/blog\/wp-content\/uploads\/2025\/03\/20250312_095932-1024x473.jpg\" alt=\"\" class=\"wp-image-382\" srcset=\"https:\/\/www.strona-internetowa.pl\/blog\/wp-content\/uploads\/2025\/03\/20250312_095932-1024x473.jpg 1024w, https:\/\/www.strona-internetowa.pl\/blog\/wp-content\/uploads\/2025\/03\/20250312_095932-300x139.jpg 300w, https:\/\/www.strona-internetowa.pl\/blog\/wp-content\/uploads\/2025\/03\/20250312_095932-768x355.jpg 768w, https:\/\/www.strona-internetowa.pl\/blog\/wp-content\/uploads\/2025\/03\/20250312_095932-1536x710.jpg 1536w, https:\/\/www.strona-internetowa.pl\/blog\/wp-content\/uploads\/2025\/03\/20250312_095932-2048x946.jpg 2048w\" sizes=\"(max-width: 1024px) 100vw, 1024px\" \/><\/figure>\n\n\n\n<p>Z Macbookami nie mia\u0142em wi\u0119kszego do\u015bwiadczenia, raczej mgliste. W dalszym ci\u0105gu obawiam si\u0119 tej przesiadki. Ca\u0142e \u017cycie pracuj\u0119 na Windowsie &#8211; XP, Vista, 7, 8, 10, 11, a od paru lat r\u00f3wnie\u017c na Linuxie &#8211; Mint, Ubuntu, Centos. Windowsem jestem mocno rozczarowany. Do tworzenia stron internetowych postawi\u0142em lokalny server na Linux Mint. Problemy z XAMPPem na Windowsie, wywalaj\u0105cy\/crashuj\u0105cy si\u0119 serwer bazy danych przyprawia\u0142 mnie o md\u0142o\u015bci. Od przynajmniej dw\u00f3ch lat windowsowy sprz\u0119t robi\u0142 raczej za klienta sieciowego do sprz\u0119tu na Linuxie. Decyzje biznesowe firmy Microsoft nie zach\u0119caj\u0105 do korzystania z 11, nadchodz\u0105cy Recall jest nie do przyj\u0119cia. I jasne, Apple zapewne pod tym wzgl\u0119dem nie jest lepsze, ale ja nie mam ochoty integrowa\u0107 si\u0119 z ekosystemem, a sam system jest pochodn\u0105 Unix\/Linux.<\/p>\n\n\n\n<p>Jak min\u0119\u0142y pierwsze 24h? Zaskakuj\u0105co dobrze, pomijaj\u0105c klawiatur\u0119, polskie znaki i inne skr\u00f3ty klawiaturowe. Pami\u0119\u0107 mi\u0119\u015bniowa w tym wypadku nie pomaga.<\/p>\n\n\n\n<p>Bateria? Najwa\u017cniejszy punkt tej przesiadki. Otrzyma\u0142em laptopa z bateri\u0105 na\u0142adowan\u0105 do 63%, po 8h nieustannej pracy, w tym na zewn\u0119trznym monitorze, pod\u0142\u0105czy\u0142em do pr\u0105du w okolicy godziny 18 przy stanie baterii 10%. Rewelacja. Pisz\u0105c ten tekst r\u00f3wnie\u017c nie mam podpi\u0119tego pr\u0105du.<\/p>\n\n\n\n<p>Wydajno\u015b\u0107? Tu jest super. Asusa S13 zjada na \u015bniadanie, nie ma wstydu r\u00f3wnie\u017c w por\u00f3wnaniu do stacjonarki pracuj\u0105cej na Linuxie.<\/p>\n\n\n\n<figure class=\"wp-block-image size-large\"><img decoding=\"async\" width=\"1024\" height=\"239\" src=\"https:\/\/www.strona-internetowa.pl\/blog\/wp-content\/uploads\/2025\/02\/asus-results-1024x239.jpg\" alt=\"\" class=\"wp-image-333\" srcset=\"https:\/\/www.strona-internetowa.pl\/blog\/wp-content\/uploads\/2025\/02\/asus-results-1024x239.jpg 1024w, https:\/\/www.strona-internetowa.pl\/blog\/wp-content\/uploads\/2025\/02\/asus-results-300x70.jpg 300w, https:\/\/www.strona-internetowa.pl\/blog\/wp-content\/uploads\/2025\/02\/asus-results-768x179.jpg 768w, https:\/\/www.strona-internetowa.pl\/blog\/wp-content\/uploads\/2025\/02\/asus-results-1536x358.jpg 1536w, https:\/\/www.strona-internetowa.pl\/blog\/wp-content\/uploads\/2025\/02\/asus-results.jpg 1750w\" sizes=\"(max-width: 1024px) 100vw, 1024px\" \/><\/figure>\n\n\n\n<figure class=\"wp-block-image size-full\"><img decoding=\"async\" width=\"882\" height=\"437\" src=\"https:\/\/www.strona-internetowa.pl\/blog\/wp-content\/uploads\/2025\/03\/WhatsApp-Image-2025-03-12-at-15.57.26.jpeg\" alt=\"\" class=\"wp-image-380\" srcset=\"https:\/\/www.strona-internetowa.pl\/blog\/wp-content\/uploads\/2025\/03\/WhatsApp-Image-2025-03-12-at-15.57.26.jpeg 882w, https:\/\/www.strona-internetowa.pl\/blog\/wp-content\/uploads\/2025\/03\/WhatsApp-Image-2025-03-12-at-15.57.26-300x149.jpeg 300w, https:\/\/www.strona-internetowa.pl\/blog\/wp-content\/uploads\/2025\/03\/WhatsApp-Image-2025-03-12-at-15.57.26-768x381.jpeg 768w\" sizes=\"(max-width: 882px) 100vw, 882px\" \/><\/figure>\n\n\n\n<figure class=\"wp-block-image size-large\"><img loading=\"lazy\" decoding=\"async\" width=\"1024\" height=\"508\" src=\"https:\/\/www.strona-internetowa.pl\/blog\/wp-content\/uploads\/2025\/03\/WhatsApp-Image-2025-03-12-at-15.57.39-1024x508.jpeg\" alt=\"\" class=\"wp-image-381\" srcset=\"https:\/\/www.strona-internetowa.pl\/blog\/wp-content\/uploads\/2025\/03\/WhatsApp-Image-2025-03-12-at-15.57.39-1024x508.jpeg 1024w, https:\/\/www.strona-internetowa.pl\/blog\/wp-content\/uploads\/2025\/03\/WhatsApp-Image-2025-03-12-at-15.57.39-300x149.jpeg 300w, https:\/\/www.strona-internetowa.pl\/blog\/wp-content\/uploads\/2025\/03\/WhatsApp-Image-2025-03-12-at-15.57.39-768x381.jpeg 768w, https:\/\/www.strona-internetowa.pl\/blog\/wp-content\/uploads\/2025\/03\/WhatsApp-Image-2025-03-12-at-15.57.39-1536x762.jpeg 1536w, https:\/\/www.strona-internetowa.pl\/blog\/wp-content\/uploads\/2025\/03\/WhatsApp-Image-2025-03-12-at-15.57.39.jpeg 1600w\" sizes=\"(max-width: 1024px) 100vw, 1024px\" \/><\/figure>\n\n\n\n<p>Geekbench geekbenchem. Jak to si\u0119 ma do rzeczywisto\u015bci. 2-minutowe video nagrane w 4K, poci\u0119te, par\u0119 przej\u015b\u0107, zosta\u0142o wyrenderowane w 36 sekund.. bez pr\u0105du.<\/p>\n\n\n\n<p>Blender.<br>Jedn\u0105 scen\u0119 w 720p komputery renderowa\u0142y odpowiednio:<br>&#8211; S13 &#8211; 59s<br>&#8211; Desktop &#8211; 29s (CPU), 5s (RTX4060)<br>&#8211; Macbook &#8211; 16s<\/p>\n\n\n\n<p>Animacj\u0119 z 70 klatek renderowa\u0142y:<br>&#8211; Desktop &#8211; 29min (CPU), 5min (RTX4060)<br>&#8211; Macbook &#8211; 9min<\/p>\n\n\n\n<p>Macbook w ka\u017cdym z test\u00f3w nie korzysta\u0142 z zewn\u0119trznego zasilania, ale i to sprawdzi\u0142em:<br>&#8211; z gniazdka pobiera\u0142 45W bez podpi\u0119tych innych urz\u0105dze\u0144<br>&#8211; 65W z zewn\u0119trzym monitorem Ultrawide 34&#8243;<\/p>\n\n\n\n<p>Je\u015bli chodzi o oprogramowanie, natrafi\u0142em na ten moment na dwa problemy:<br>&#8211; Total Commander (edit: Commander One jest dobrym odpowiednikiem)<br>&#8211; Notepad++ (edit: cotEditor &#8211; nie jest idealny, ale dzia\u0142a)<br>Nie s\u0105 mi one niezb\u0119dne, ale czasami korzysta\u0142em. Z TC mog\u0119 zrezygnowa\u0107, natomiast ch\u0119tnie znajd\u0119 odpowiedni Notepad++.<\/p>\n\n\n\n<p>Czy jestem zadowolony? Jeszcze nie wiem.<br>Ch\u0142odno\u015b\u0107, cicho\u015b\u0107 i wydajno\u015b\u0107 to zdecydowane zalety tego sprz\u0119tu. My\u015bl\u0119, \u017ce si\u0119 dogadamy, ale potrzebujemy na to ciut wi\u0119cej czasu.<\/p>\n\n\n\n<figure class=\"wp-block-embed is-type-video is-provider-youtube wp-block-embed-youtube wp-embed-aspect-16-9 wp-has-aspect-ratio\"><div class=\"wp-block-embed__wrapper\">\n<iframe title=\"#shorts Macbook Air M4 unpack\" width=\"1240\" height=\"698\" src=\"https:\/\/www.youtube.com\/embed\/f8Il2CuQbSs?feature=oembed\" frameborder=\"0\" allow=\"accelerometer; autoplay; clipboard-write; encrypted-media; gyroscope; picture-in-picture; web-share\" referrerpolicy=\"strict-origin-when-cross-origin\" allowfullscreen><\/iframe>\n<\/div><\/figure>\n\n\n\n<p><\/p>\n","protected":false},"excerpt":{"rendered":"<p>Niedawno pope\u0142ni\u0142em wpis na temat Asus S13 OLED, wspomina\u0142em tam o wyborze, przed kt\u00f3rym sta\u0142em 1.5 roku temu. Wtedy nie zdecydowa\u0142em si\u0119 na produkt od Apple. Par\u0119 miesi\u0119cy p\u00f3\u017aniej odebra\u0142em paczk\u0119 oznakowan\u0105 jako iSpot. Macbooka chcia\u0142em kupi\u0107 ju\u017c na pocz\u0105tku tego roku, ale czeka\u0142em na realizacj\u0119 plotek jakoby w marcu nast\u0105pi\u0107 mia\u0142a premiera nowego Air&#8217;a.&hellip;<\/p>\n","protected":false},"author":1,"featured_media":378,"comment_status":"open","ping_status":"closed","sticky":false,"template":"","format":"standard","meta":{"footnotes":""},"categories":[18],"tags":[],"class_list":["post-377","post","type-post","status-publish","format-standard","has-post-thumbnail","hentry","category-komputery"],"_links":{"self":[{"href":"https:\/\/www.strona-internetowa.pl\/blog\/wp-json\/wp\/v2\/posts\/377","targetHints":{"allow":["GET"]}}],"collection":[{"href":"https:\/\/www.strona-internetowa.pl\/blog\/wp-json\/wp\/v2\/posts"}],"about":[{"href":"https:\/\/www.strona-internetowa.pl\/blog\/wp-json\/wp\/v2\/types\/post"}],"author":[{"embeddable":true,"href":"https:\/\/www.strona-internetowa.pl\/blog\/wp-json\/wp\/v2\/users\/1"}],"replies":[{"embeddable":true,"href":"https:\/\/www.strona-internetowa.pl\/blog\/wp-json\/wp\/v2\/comments?post=377"}],"version-history":[{"count":4,"href":"https:\/\/www.strona-internetowa.pl\/blog\/wp-json\/wp\/v2\/posts\/377\/revisions"}],"predecessor-version":[{"id":395,"href":"https:\/\/www.strona-internetowa.pl\/blog\/wp-json\/wp\/v2\/posts\/377\/revisions\/395"}],"wp:featuredmedia":[{"embeddable":true,"href":"https:\/\/www.strona-internetowa.pl\/blog\/wp-json\/wp\/v2\/media\/378"}],"wp:attachment":[{"href":"https:\/\/www.strona-internetowa.pl\/blog\/wp-json\/wp\/v2\/media?parent=377"}],"wp:term":[{"taxonomy":"category","embeddable":true,"href":"https:\/\/www.strona-internetowa.pl\/blog\/wp-json\/wp\/v2\/categories?post=377"},{"taxonomy":"post_tag","embeddable":true,"href":"https:\/\/www.strona-internetowa.pl\/blog\/wp-json\/wp\/v2\/tags?post=377"}],"curies":[{"name":"wp","href":"https:\/\/api.w.org\/{rel}","templated":true}]}}